{"id":5028,"date":"2025-02-09T09:03:22","date_gmt":"2025-02-09T07:03:22","guid":{"rendered":"https:\/\/www.estudiodefrances.com\/?p=5028"},"modified":"2025-02-24T05:46:39","modified_gmt":"2025-02-24T03:46:39","slug":"classer-les-conjonctions-dans-cause-ou-consequence","status":"publish","type":"post","link":"https:\/\/www.estudiodefrances.com\/?p=5028","title":{"rendered":"Classez les conjonctions dans cause ou cons\u00e9quence. Du coup, bonne chance !"},"content":{"rendered":"\n<iframe src=\"https:\/\/learningapps.org\/watch?v=ppiaz90a525\" style=\"border:0px;width:100%;height:500px\" allowfullscreen=\"true\" webkitallowfullscreen=\"true\" mozallowfullscreen=\"true\"><\/iframe>\n","protected":false},"excerpt":{"rendered":"<p>Classer les articulateurs dans cause ou cons\u00e9quence. <\/p>\n","protected":false},"author":1,"featured_media":5029,"comment_status":"open","ping_status":"open","sticky":false,"template":"","format":"standard","meta":{"_monsterinsights_skip_tracking":false,"_monsterinsights_sitenote_active":false,"_monsterinsights_sitenote_note":"","_monsterinsights_sitenote_category":0,"cybocfi_hide_featured_image":"yes","footnotes":""},"categories":[14,33],"tags":[6,98],"class_list":["post-5028","post","type-post","status-publish","format-standard","has-post-thumbnail","hentry","category-gram","category-niveau-b1","tag-grammaire","tag-niveau-b1"],"yoast_head":"<!-- This site is optimized with the Yoast SEO plugin v27.5 - https:\/\/yoast.com\/product\/yoast-seo-wordpress\/ -->\n<title>Classez les conjonctions dans cause ou cons\u00e9quence. Du coup, bonne chance ! - MOddou FLE<\/title>\n<meta name=\"description\" content=\"Classez les articulateurs dans cause ou cons\u00e9quence. Du coup, bonne chance ! Donc, je vous souhaite bonne chance...\" \/>\n<meta name=\"robots\" content=\"index, follow, max-snippet:-1, max-image-preview:large, max-video-preview:-1\" \/>\n<link rel=\"canonical\" href=\"https:\/\/www.estudiodefrances.com\/?p=5028\" \/>\n<meta property=\"og:locale\" content=\"fr_FR\" \/>\n<meta property=\"og:type\" content=\"article\" \/>\n<meta property=\"og:title\" content=\"Classez les conjonctions dans cause ou cons\u00e9quence. Du coup, bonne chance ! - MOddou FLE\" \/>\n<meta property=\"og:description\" content=\"Classez les articulateurs dans cause ou cons\u00e9quence. Du coup, bonne chance ! Donc, je vous souhaite bonne chance...\" \/>\n<meta property=\"og:url\" content=\"https:\/\/www.estudiodefrances.com\/?p=5028\" \/>\n<meta property=\"og:site_name\" content=\"MOddou FLE\" \/>\n<meta property=\"article:publisher\" content=\"https:\/\/www.facebook.com\/moddouFLE\/\" \/>\n<meta property=\"article:published_time\" content=\"2025-02-09T07:03:22+00:00\" \/>\n<meta property=\"article:modified_time\" content=\"2025-02-24T03:46:39+00:00\" \/>\n<meta property=\"og:image\" content=\"https:\/\/www.estudiodefrances.com\/wp-content\/uploads\/cause-consequence-2.jpg\" \/>\n\t<meta property=\"og:image:width\" content=\"1836\" \/>\n\t<meta property=\"og:image:height\" content=\"1012\" \/>\n\t<meta property=\"og:image:type\" content=\"image\/jpeg\" \/>\n<meta name=\"author\" content=\"moddou\" \/>\n<meta name=\"twitter:card\" content=\"summary_large_image\" \/>\n<meta name=\"twitter:creator\" content=\"@moddou\" \/>\n<meta name=\"twitter:site\" content=\"@moddou\" \/>\n<meta name=\"twitter:label1\" content=\"\u00c9crit par\" \/>\n\t<meta name=\"twitter:data1\" content=\"moddou\" \/>\n\t<meta name=\"twitter:label2\" content=\"Dur\u00e9e de lecture estim\u00e9e\" \/>\n\t<meta name=\"twitter:data2\" content=\"1 minute\" \/>\n<script type=\"application\/ld+json\" class=\"yoast-schema-graph\">{\"@context\":\"https:\\\/\\\/schema.org\",\"@graph\":[{\"@type\":\"Article\",\"@id\":\"https:\\\/\\\/www.estudiodefrances.com\\\/?p=5028#article\",\"isPartOf\":{\"@id\":\"https:\\\/\\\/www.estudiodefrances.com\\\/?p=5028\"},\"author\":{\"name\":\"moddou\",\"@id\":\"https:\\\/\\\/www.estudiodefrances.com\\\/#\\\/schema\\\/person\\\/88f4b73addd8170d9837c20fc1127e7c\"},\"headline\":\"Classez les conjonctions dans cause ou cons\u00e9quence. Du coup, bonne chance !\",\"datePublished\":\"2025-02-09T07:03:22+00:00\",\"dateModified\":\"2025-02-24T03:46:39+00:00\",\"mainEntityOfPage\":{\"@id\":\"https:\\\/\\\/www.estudiodefrances.com\\\/?p=5028\"},\"wordCount\":12,\"commentCount\":0,\"publisher\":{\"@id\":\"https:\\\/\\\/www.estudiodefrances.com\\\/#organization\"},\"image\":{\"@id\":\"https:\\\/\\\/www.estudiodefrances.com\\\/?p=5028#primaryimage\"},\"thumbnailUrl\":\"https:\\\/\\\/www.estudiodefrances.com\\\/wp-content\\\/uploads\\\/cause-consequence-2.jpg\",\"keywords\":[\"grammaire\",\"Niveau B1\"],\"articleSection\":[\"grammaire\",\"Niveau B1\"],\"inLanguage\":\"fr-FR\",\"potentialAction\":[{\"@type\":\"CommentAction\",\"name\":\"Comment\",\"target\":[\"https:\\\/\\\/www.estudiodefrances.com\\\/?p=5028#respond\"]}]},{\"@type\":\"WebPage\",\"@id\":\"https:\\\/\\\/www.estudiodefrances.com\\\/?p=5028\",\"url\":\"https:\\\/\\\/www.estudiodefrances.com\\\/?p=5028\",\"name\":\"Classez les conjonctions dans cause ou cons\u00e9quence. Du coup, bonne chance ! - MOddou FLE\",\"isPartOf\":{\"@id\":\"https:\\\/\\\/www.estudiodefrances.com\\\/#website\"},\"primaryImageOfPage\":{\"@id\":\"https:\\\/\\\/www.estudiodefrances.com\\\/?p=5028#primaryimage\"},\"image\":{\"@id\":\"https:\\\/\\\/www.estudiodefrances.com\\\/?p=5028#primaryimage\"},\"thumbnailUrl\":\"https:\\\/\\\/www.estudiodefrances.com\\\/wp-content\\\/uploads\\\/cause-consequence-2.jpg\",\"datePublished\":\"2025-02-09T07:03:22+00:00\",\"dateModified\":\"2025-02-24T03:46:39+00:00\",\"description\":\"Classez les articulateurs dans cause ou cons\u00e9quence. Du coup, bonne chance ! Donc, je vous souhaite bonne chance...\",\"breadcrumb\":{\"@id\":\"https:\\\/\\\/www.estudiodefrances.com\\\/?p=5028#breadcrumb\"},\"inLanguage\":\"fr-FR\",\"potentialAction\":[{\"@type\":\"ReadAction\",\"target\":[\"https:\\\/\\\/www.estudiodefrances.com\\\/?p=5028\"]}]},{\"@type\":\"BreadcrumbList\",\"@id\":\"https:\\\/\\\/www.estudiodefrances.com\\\/?p=5028#breadcrumb\",\"itemListElement\":[{\"@type\":\"ListItem\",\"position\":1,\"name\":\"Accueil\",\"item\":\"https:\\\/\\\/www.estudiodefrances.com\\\/\"},{\"@type\":\"ListItem\",\"position\":2,\"name\":\"Classez les conjonctions dans cause ou cons\u00e9quence. Du coup, bonne chance !\"}]},{\"@type\":\"WebSite\",\"@id\":\"https:\\\/\\\/www.estudiodefrances.com\\\/#website\",\"url\":\"https:\\\/\\\/www.estudiodefrances.com\\\/\",\"name\":\"MOddou FLE\",\"description\":\"Exercices et jeux pour apprendre le fran\u00e7ais\",\"publisher\":{\"@id\":\"https:\\\/\\\/www.estudiodefrances.com\\\/#organization\"},\"potentialAction\":[{\"@type\":\"SearchAction\",\"target\":{\"@type\":\"EntryPoint\",\"urlTemplate\":\"https:\\\/\\\/www.estudiodefrances.com\\\/?s={search_term_string}\"},\"query-input\":{\"@type\":\"PropertyValueSpecification\",\"valueRequired\":true,\"valueName\":\"search_term_string\"}}],\"inLanguage\":\"fr-FR\"},{\"@type\":\"Organization\",\"@id\":\"https:\\\/\\\/www.estudiodefrances.com\\\/#organization\",\"name\":\"MOddou FLE\",\"url\":\"https:\\\/\\\/www.estudiodefrances.com\\\/\",\"logo\":{\"@type\":\"ImageObject\",\"inLanguage\":\"fr-FR\",\"@id\":\"https:\\\/\\\/www.estudiodefrances.com\\\/#\\\/schema\\\/logo\\\/image\\\/\",\"url\":\"https:\\\/\\\/www.estudiodefrances.com\\\/wp-content\\\/uploads\\\/cropped-Capture-de\u0301cran-2013-09-04-a\u0300-00.08.43-1.png\",\"contentUrl\":\"https:\\\/\\\/www.estudiodefrances.com\\\/wp-content\\\/uploads\\\/cropped-Capture-de\u0301cran-2013-09-04-a\u0300-00.08.43-1.png\",\"width\":68,\"height\":79,\"caption\":\"MOddou FLE\"},\"image\":{\"@id\":\"https:\\\/\\\/www.estudiodefrances.com\\\/#\\\/schema\\\/logo\\\/image\\\/\"},\"sameAs\":[\"https:\\\/\\\/www.facebook.com\\\/moddouFLE\\\/\",\"https:\\\/\\\/x.com\\\/moddou\"]},{\"@type\":\"Person\",\"@id\":\"https:\\\/\\\/www.estudiodefrances.com\\\/#\\\/schema\\\/person\\\/88f4b73addd8170d9837c20fc1127e7c\",\"name\":\"moddou\",\"image\":{\"@type\":\"ImageObject\",\"inLanguage\":\"fr-FR\",\"@id\":\"https:\\\/\\\/secure.gravatar.com\\\/avatar\\\/4a3fcfa351701fcac2c15731162f30826ff6dc6290b4ca18e8e3f3b419e885c4?s=96&d=mm&r=g\",\"url\":\"https:\\\/\\\/secure.gravatar.com\\\/avatar\\\/4a3fcfa351701fcac2c15731162f30826ff6dc6290b4ca18e8e3f3b419e885c4?s=96&d=mm&r=g\",\"contentUrl\":\"https:\\\/\\\/secure.gravatar.com\\\/avatar\\\/4a3fcfa351701fcac2c15731162f30826ff6dc6290b4ca18e8e3f3b419e885c4?s=96&d=mm&r=g\",\"caption\":\"moddou\"},\"sameAs\":[\"http:\\\/\\\/www.estudiodefrances.com\"],\"url\":\"https:\\\/\\\/www.estudiodefrances.com\\\/?author=1\"}]}<\/script>\n<!-- \/ Yoast SEO plugin. -->","yoast_head_json":{"title":"Classez les conjonctions dans cause ou cons\u00e9quence. Du coup, bonne chance ! - MOddou FLE","description":"Classez les articulateurs dans cause ou cons\u00e9quence. Du coup, bonne chance ! Donc, je vous souhaite bonne chance...","robots":{"index":"index","follow":"follow","max-snippet":"max-snippet:-1","max-image-preview":"max-image-preview:large","max-video-preview":"max-video-preview:-1"},"canonical":"https:\/\/www.estudiodefrances.com\/?p=5028","og_locale":"fr_FR","og_type":"article","og_title":"Classez les conjonctions dans cause ou cons\u00e9quence. Du coup, bonne chance ! - MOddou FLE","og_description":"Classez les articulateurs dans cause ou cons\u00e9quence. Du coup, bonne chance ! Donc, je vous souhaite bonne chance...","og_url":"https:\/\/www.estudiodefrances.com\/?p=5028","og_site_name":"MOddou FLE","article_publisher":"https:\/\/www.facebook.com\/moddouFLE\/","article_published_time":"2025-02-09T07:03:22+00:00","article_modified_time":"2025-02-24T03:46:39+00:00","og_image":[{"width":1836,"height":1012,"url":"https:\/\/www.estudiodefrances.com\/wp-content\/uploads\/cause-consequence-2.jpg","type":"image\/jpeg"}],"author":"moddou","twitter_card":"summary_large_image","twitter_creator":"@moddou","twitter_site":"@moddou","twitter_misc":{"\u00c9crit par":"moddou","Dur\u00e9e de lecture estim\u00e9e":"1 minute"},"schema":{"@context":"https:\/\/schema.org","@graph":[{"@type":"Article","@id":"https:\/\/www.estudiodefrances.com\/?p=5028#article","isPartOf":{"@id":"https:\/\/www.estudiodefrances.com\/?p=5028"},"author":{"name":"moddou","@id":"https:\/\/www.estudiodefrances.com\/#\/schema\/person\/88f4b73addd8170d9837c20fc1127e7c"},"headline":"Classez les conjonctions dans cause ou cons\u00e9quence. Du coup, bonne chance !","datePublished":"2025-02-09T07:03:22+00:00","dateModified":"2025-02-24T03:46:39+00:00","mainEntityOfPage":{"@id":"https:\/\/www.estudiodefrances.com\/?p=5028"},"wordCount":12,"commentCount":0,"publisher":{"@id":"https:\/\/www.estudiodefrances.com\/#organization"},"image":{"@id":"https:\/\/www.estudiodefrances.com\/?p=5028#primaryimage"},"thumbnailUrl":"https:\/\/www.estudiodefrances.com\/wp-content\/uploads\/cause-consequence-2.jpg","keywords":["grammaire","Niveau B1"],"articleSection":["grammaire","Niveau B1"],"inLanguage":"fr-FR","potentialAction":[{"@type":"CommentAction","name":"Comment","target":["https:\/\/www.estudiodefrances.com\/?p=5028#respond"]}]},{"@type":"WebPage","@id":"https:\/\/www.estudiodefrances.com\/?p=5028","url":"https:\/\/www.estudiodefrances.com\/?p=5028","name":"Classez les conjonctions dans cause ou cons\u00e9quence. Du coup, bonne chance ! - MOddou FLE","isPartOf":{"@id":"https:\/\/www.estudiodefrances.com\/#website"},"primaryImageOfPage":{"@id":"https:\/\/www.estudiodefrances.com\/?p=5028#primaryimage"},"image":{"@id":"https:\/\/www.estudiodefrances.com\/?p=5028#primaryimage"},"thumbnailUrl":"https:\/\/www.estudiodefrances.com\/wp-content\/uploads\/cause-consequence-2.jpg","datePublished":"2025-02-09T07:03:22+00:00","dateModified":"2025-02-24T03:46:39+00:00","description":"Classez les articulateurs dans cause ou cons\u00e9quence. Du coup, bonne chance ! Donc, je vous souhaite bonne chance...","breadcrumb":{"@id":"https:\/\/www.estudiodefrances.com\/?p=5028#breadcrumb"},"inLanguage":"fr-FR","potentialAction":[{"@type":"ReadAction","target":["https:\/\/www.estudiodefrances.com\/?p=5028"]}]},{"@type":"BreadcrumbList","@id":"https:\/\/www.estudiodefrances.com\/?p=5028#breadcrumb","itemListElement":[{"@type":"ListItem","position":1,"name":"Accueil","item":"https:\/\/www.estudiodefrances.com\/"},{"@type":"ListItem","position":2,"name":"Classez les conjonctions dans cause ou cons\u00e9quence. Du coup, bonne chance !"}]},{"@type":"WebSite","@id":"https:\/\/www.estudiodefrances.com\/#website","url":"https:\/\/www.estudiodefrances.com\/","name":"MOddou FLE","description":"Exercices et jeux pour apprendre le fran\u00e7ais","publisher":{"@id":"https:\/\/www.estudiodefrances.com\/#organization"},"potentialAction":[{"@type":"SearchAction","target":{"@type":"EntryPoint","urlTemplate":"https:\/\/www.estudiodefrances.com\/?s={search_term_string}"},"query-input":{"@type":"PropertyValueSpecification","valueRequired":true,"valueName":"search_term_string"}}],"inLanguage":"fr-FR"},{"@type":"Organization","@id":"https:\/\/www.estudiodefrances.com\/#organization","name":"MOddou FLE","url":"https:\/\/www.estudiodefrances.com\/","logo":{"@type":"ImageObject","inLanguage":"fr-FR","@id":"https:\/\/www.estudiodefrances.com\/#\/schema\/logo\/image\/","url":"https:\/\/www.estudiodefrances.com\/wp-content\/uploads\/cropped-Capture-de\u0301cran-2013-09-04-a\u0300-00.08.43-1.png","contentUrl":"https:\/\/www.estudiodefrances.com\/wp-content\/uploads\/cropped-Capture-de\u0301cran-2013-09-04-a\u0300-00.08.43-1.png","width":68,"height":79,"caption":"MOddou FLE"},"image":{"@id":"https:\/\/www.estudiodefrances.com\/#\/schema\/logo\/image\/"},"sameAs":["https:\/\/www.facebook.com\/moddouFLE\/","https:\/\/x.com\/moddou"]},{"@type":"Person","@id":"https:\/\/www.estudiodefrances.com\/#\/schema\/person\/88f4b73addd8170d9837c20fc1127e7c","name":"moddou","image":{"@type":"ImageObject","inLanguage":"fr-FR","@id":"https:\/\/secure.gravatar.com\/avatar\/4a3fcfa351701fcac2c15731162f30826ff6dc6290b4ca18e8e3f3b419e885c4?s=96&d=mm&r=g","url":"https:\/\/secure.gravatar.com\/avatar\/4a3fcfa351701fcac2c15731162f30826ff6dc6290b4ca18e8e3f3b419e885c4?s=96&d=mm&r=g","contentUrl":"https:\/\/secure.gravatar.com\/avatar\/4a3fcfa351701fcac2c15731162f30826ff6dc6290b4ca18e8e3f3b419e885c4?s=96&d=mm&r=g","caption":"moddou"},"sameAs":["http:\/\/www.estudiodefrances.com"],"url":"https:\/\/www.estudiodefrances.com\/?author=1"}]}},"_links":{"self":[{"href":"https:\/\/www.estudiodefrances.com\/index.php?rest_route=\/wp\/v2\/posts\/5028","targetHints":{"allow":["GET"]}}],"collection":[{"href":"https:\/\/www.estudiodefrances.com\/index.php?rest_route=\/wp\/v2\/posts"}],"about":[{"href":"https:\/\/www.estudiodefrances.com\/index.php?rest_route=\/wp\/v2\/types\/post"}],"author":[{"embeddable":true,"href":"https:\/\/www.estudiodefrances.com\/index.php?rest_route=\/wp\/v2\/users\/1"}],"replies":[{"embeddable":true,"href":"https:\/\/www.estudiodefrances.com\/index.php?rest_route=%2Fwp%2Fv2%2Fcomments&post=5028"}],"version-history":[{"count":4,"href":"https:\/\/www.estudiodefrances.com\/index.php?rest_route=\/wp\/v2\/posts\/5028\/revisions"}],"predecessor-version":[{"id":5102,"href":"https:\/\/www.estudiodefrances.com\/index.php?rest_route=\/wp\/v2\/posts\/5028\/revisions\/5102"}],"wp:featuredmedia":[{"embeddable":true,"href":"https:\/\/www.estudiodefrances.com\/index.php?rest_route=\/wp\/v2\/media\/5029"}],"wp:attachment":[{"href":"https:\/\/www.estudiodefrances.com\/index.php?rest_route=%2Fwp%2Fv2%2Fmedia&parent=5028"}],"wp:term":[{"taxonomy":"category","embeddable":true,"href":"https:\/\/www.estudiodefrances.com\/index.php?rest_route=%2Fwp%2Fv2%2Fcategories&post=5028"},{"taxonomy":"post_tag","embeddable":true,"href":"https:\/\/www.estudiodefrances.com\/index.php?rest_route=%2Fwp%2Fv2%2Ftags&post=5028"}],"curies":[{"name":"wp","href":"https:\/\/api.w.org\/{rel}","templated":true}]}}