{"id":731,"date":"2011-03-23T15:56:27","date_gmt":"2011-03-23T13:56:27","guid":{"rendered":"http:\/\/www.estudiodefrances.com\/?p=731"},"modified":"2011-03-23T19:23:57","modified_gmt":"2011-03-23T17:23:57","slug":"conjugaison-le-plus-que-parfait-avec-parler-et-aimer","status":"publish","type":"post","link":"https:\/\/www.estudiodefrances.com\/?p=731","title":{"rendered":"Conjugaison : le plus-que-parfait avec parler et aimer"},"content":{"rendered":"<p><a href=\"http:\/\/www.estudiodefrances.com\/exercices\/le-plus-que-parfait-parler-aimer.html\"><img loading=\"lazy\" decoding=\"async\" class=\"aligncenter size-medium wp-image-732\" title=\"Le plus-que-parfait\" src=\"http:\/\/www.estudiodefrances.com\/wp-content\/uploads\/Capture-d\u2019\u00e9cran-2011-03-23-\u00e0-14.52.00-300x220.png\" alt=\"\" width=\"300\" height=\"220\" srcset=\"https:\/\/www.estudiodefrances.com\/wp-content\/uploads\/Capture-d\u2019\u00e9cran-2011-03-23-\u00e0-14.52.00-300x220.png 300w, https:\/\/www.estudiodefrances.com\/wp-content\/uploads\/Capture-d\u2019\u00e9cran-2011-03-23-\u00e0-14.52.00.png 811w\" sizes=\"auto, (max-width: 300px) 100vw, 300px\" \/><\/a><\/p>\n<p>Le plus-que-parfait exprime un fait pass\u00e9 qui a lieu avant un autre fait pass\u00e9 (au  pass\u00e9 compos\u00e9, \u00e0 l&rsquo;imparfait ou au pass\u00e9 simple).<br \/>\nC&rsquo;est le pass\u00e9 du pass\u00e9.<\/p>\n<p>FORMATION : auxiliaire \u00eatre ou avoir \u00e0 l&rsquo;imparfait + participe pass\u00e9.<\/p>\n<p>&nbsp;<\/p>\n","protected":false},"excerpt":{"rendered":"<p>Le plus-que-parfait exprime un fait pass\u00e9 qui a lieu avant un autre fait pass\u00e9 (au pass\u00e9 compos\u00e9, \u00e0 l&rsquo;imparfait ou au pass\u00e9 simple). C&rsquo;est le &hellip; <\/p>\n","protected":false},"author":1,"featured_media":0,"comment_status":"open","ping_status":"open","sticky":false,"template":"","format":"standard","meta":{"_monsterinsights_skip_tracking":false,"_monsterinsights_sitenote_active":false,"_monsterinsights_sitenote_note":"","_monsterinsights_sitenote_category":0,"cybocfi_hide_featured_image":"","footnotes":""},"categories":[17,32],"tags":[9,39,97],"class_list":["post-731","post","type-post","status-publish","format-standard","hentry","category-conj","category-niveau-a2","tag-conjugaison","tag-niveau","tag-niveau-a2"],"yoast_head":"<!-- This site is optimized with the Yoast SEO plugin v27.5 - https:\/\/yoast.com\/product\/yoast-seo-wordpress\/ -->\n<title>Conjugaison : le plus-que-parfait avec parler et aimer - MOddou FLE<\/title>\n<meta name=\"robots\" content=\"index, follow, max-snippet:-1, max-image-preview:large, max-video-preview:-1\" \/>\n<link rel=\"canonical\" href=\"https:\/\/www.estudiodefrances.com\/?p=731\" \/>\n<meta property=\"og:locale\" content=\"fr_FR\" \/>\n<meta property=\"og:type\" content=\"article\" \/>\n<meta property=\"og:title\" content=\"Conjugaison : le plus-que-parfait avec parler et aimer - MOddou FLE\" \/>\n<meta property=\"og:description\" content=\"Le plus-que-parfait exprime un fait pass\u00e9 qui a lieu avant un autre fait pass\u00e9 (au pass\u00e9 compos\u00e9, \u00e0 l&rsquo;imparfait ou au pass\u00e9 simple). C&rsquo;est le &hellip;\" \/>\n<meta property=\"og:url\" content=\"https:\/\/www.estudiodefrances.com\/?p=731\" \/>\n<meta property=\"og:site_name\" content=\"MOddou FLE\" \/>\n<meta property=\"article:publisher\" content=\"https:\/\/www.facebook.com\/moddouFLE\/\" \/>\n<meta property=\"article:published_time\" content=\"2011-03-23T13:56:27+00:00\" \/>\n<meta property=\"article:modified_time\" content=\"2011-03-23T17:23:57+00:00\" \/>\n<meta name=\"author\" content=\"moddou\" \/>\n<meta name=\"twitter:card\" content=\"summary_large_image\" \/>\n<meta name=\"twitter:creator\" content=\"@moddou\" \/>\n<meta name=\"twitter:site\" content=\"@moddou\" \/>\n<meta name=\"twitter:label1\" content=\"\u00c9crit par\" \/>\n\t<meta name=\"twitter:data1\" content=\"moddou\" \/>\n<script type=\"application\/ld+json\" class=\"yoast-schema-graph\">{\"@context\":\"https:\\\/\\\/schema.org\",\"@graph\":[{\"@type\":\"Article\",\"@id\":\"https:\\\/\\\/www.estudiodefrances.com\\\/?p=731#article\",\"isPartOf\":{\"@id\":\"https:\\\/\\\/www.estudiodefrances.com\\\/?p=731\"},\"author\":{\"name\":\"moddou\",\"@id\":\"https:\\\/\\\/www.estudiodefrances.com\\\/#\\\/schema\\\/person\\\/88f4b73addd8170d9837c20fc1127e7c\"},\"headline\":\"Conjugaison : le plus-que-parfait avec parler et aimer\",\"datePublished\":\"2011-03-23T13:56:27+00:00\",\"dateModified\":\"2011-03-23T17:23:57+00:00\",\"mainEntityOfPage\":{\"@id\":\"https:\\\/\\\/www.estudiodefrances.com\\\/?p=731\"},\"wordCount\":43,\"commentCount\":0,\"publisher\":{\"@id\":\"https:\\\/\\\/www.estudiodefrances.com\\\/#organization\"},\"keywords\":[\"conjugaison\",\"Niveau\",\"Niveau A2\"],\"articleSection\":[\"conjugaison\",\"Niveau A2\"],\"inLanguage\":\"fr-FR\",\"potentialAction\":[{\"@type\":\"CommentAction\",\"name\":\"Comment\",\"target\":[\"https:\\\/\\\/www.estudiodefrances.com\\\/?p=731#respond\"]}]},{\"@type\":\"WebPage\",\"@id\":\"https:\\\/\\\/www.estudiodefrances.com\\\/?p=731\",\"url\":\"https:\\\/\\\/www.estudiodefrances.com\\\/?p=731\",\"name\":\"Conjugaison : le plus-que-parfait avec parler et aimer - MOddou FLE\",\"isPartOf\":{\"@id\":\"https:\\\/\\\/www.estudiodefrances.com\\\/#website\"},\"datePublished\":\"2011-03-23T13:56:27+00:00\",\"dateModified\":\"2011-03-23T17:23:57+00:00\",\"breadcrumb\":{\"@id\":\"https:\\\/\\\/www.estudiodefrances.com\\\/?p=731#breadcrumb\"},\"inLanguage\":\"fr-FR\",\"potentialAction\":[{\"@type\":\"ReadAction\",\"target\":[\"https:\\\/\\\/www.estudiodefrances.com\\\/?p=731\"]}]},{\"@type\":\"BreadcrumbList\",\"@id\":\"https:\\\/\\\/www.estudiodefrances.com\\\/?p=731#breadcrumb\",\"itemListElement\":[{\"@type\":\"ListItem\",\"position\":1,\"name\":\"Accueil\",\"item\":\"https:\\\/\\\/www.estudiodefrances.com\\\/\"},{\"@type\":\"ListItem\",\"position\":2,\"name\":\"Conjugaison : le plus-que-parfait avec parler et aimer\"}]},{\"@type\":\"WebSite\",\"@id\":\"https:\\\/\\\/www.estudiodefrances.com\\\/#website\",\"url\":\"https:\\\/\\\/www.estudiodefrances.com\\\/\",\"name\":\"MOddou FLE\",\"description\":\"Exercices et jeux pour apprendre le fran\u00e7ais\",\"publisher\":{\"@id\":\"https:\\\/\\\/www.estudiodefrances.com\\\/#organization\"},\"potentialAction\":[{\"@type\":\"SearchAction\",\"target\":{\"@type\":\"EntryPoint\",\"urlTemplate\":\"https:\\\/\\\/www.estudiodefrances.com\\\/?s={search_term_string}\"},\"query-input\":{\"@type\":\"PropertyValueSpecification\",\"valueRequired\":true,\"valueName\":\"search_term_string\"}}],\"inLanguage\":\"fr-FR\"},{\"@type\":\"Organization\",\"@id\":\"https:\\\/\\\/www.estudiodefrances.com\\\/#organization\",\"name\":\"MOddou FLE\",\"url\":\"https:\\\/\\\/www.estudiodefrances.com\\\/\",\"logo\":{\"@type\":\"ImageObject\",\"inLanguage\":\"fr-FR\",\"@id\":\"https:\\\/\\\/www.estudiodefrances.com\\\/#\\\/schema\\\/logo\\\/image\\\/\",\"url\":\"https:\\\/\\\/www.estudiodefrances.com\\\/wp-content\\\/uploads\\\/cropped-Capture-de\u0301cran-2013-09-04-a\u0300-00.08.43-1.png\",\"contentUrl\":\"https:\\\/\\\/www.estudiodefrances.com\\\/wp-content\\\/uploads\\\/cropped-Capture-de\u0301cran-2013-09-04-a\u0300-00.08.43-1.png\",\"width\":68,\"height\":79,\"caption\":\"MOddou FLE\"},\"image\":{\"@id\":\"https:\\\/\\\/www.estudiodefrances.com\\\/#\\\/schema\\\/logo\\\/image\\\/\"},\"sameAs\":[\"https:\\\/\\\/www.facebook.com\\\/moddouFLE\\\/\",\"https:\\\/\\\/x.com\\\/moddou\"]},{\"@type\":\"Person\",\"@id\":\"https:\\\/\\\/www.estudiodefrances.com\\\/#\\\/schema\\\/person\\\/88f4b73addd8170d9837c20fc1127e7c\",\"name\":\"moddou\",\"image\":{\"@type\":\"ImageObject\",\"inLanguage\":\"fr-FR\",\"@id\":\"https:\\\/\\\/secure.gravatar.com\\\/avatar\\\/4a3fcfa351701fcac2c15731162f30826ff6dc6290b4ca18e8e3f3b419e885c4?s=96&d=mm&r=g\",\"url\":\"https:\\\/\\\/secure.gravatar.com\\\/avatar\\\/4a3fcfa351701fcac2c15731162f30826ff6dc6290b4ca18e8e3f3b419e885c4?s=96&d=mm&r=g\",\"contentUrl\":\"https:\\\/\\\/secure.gravatar.com\\\/avatar\\\/4a3fcfa351701fcac2c15731162f30826ff6dc6290b4ca18e8e3f3b419e885c4?s=96&d=mm&r=g\",\"caption\":\"moddou\"},\"sameAs\":[\"http:\\\/\\\/www.estudiodefrances.com\"],\"url\":\"https:\\\/\\\/www.estudiodefrances.com\\\/?author=1\"}]}<\/script>\n<!-- \/ Yoast SEO plugin. -->","yoast_head_json":{"title":"Conjugaison : le plus-que-parfait avec parler et aimer - MOddou FLE","robots":{"index":"index","follow":"follow","max-snippet":"max-snippet:-1","max-image-preview":"max-image-preview:large","max-video-preview":"max-video-preview:-1"},"canonical":"https:\/\/www.estudiodefrances.com\/?p=731","og_locale":"fr_FR","og_type":"article","og_title":"Conjugaison : le plus-que-parfait avec parler et aimer - MOddou FLE","og_description":"Le plus-que-parfait exprime un fait pass\u00e9 qui a lieu avant un autre fait pass\u00e9 (au pass\u00e9 compos\u00e9, \u00e0 l&rsquo;imparfait ou au pass\u00e9 simple). C&rsquo;est le &hellip;","og_url":"https:\/\/www.estudiodefrances.com\/?p=731","og_site_name":"MOddou FLE","article_publisher":"https:\/\/www.facebook.com\/moddouFLE\/","article_published_time":"2011-03-23T13:56:27+00:00","article_modified_time":"2011-03-23T17:23:57+00:00","author":"moddou","twitter_card":"summary_large_image","twitter_creator":"@moddou","twitter_site":"@moddou","twitter_misc":{"\u00c9crit par":"moddou"},"schema":{"@context":"https:\/\/schema.org","@graph":[{"@type":"Article","@id":"https:\/\/www.estudiodefrances.com\/?p=731#article","isPartOf":{"@id":"https:\/\/www.estudiodefrances.com\/?p=731"},"author":{"name":"moddou","@id":"https:\/\/www.estudiodefrances.com\/#\/schema\/person\/88f4b73addd8170d9837c20fc1127e7c"},"headline":"Conjugaison : le plus-que-parfait avec parler et aimer","datePublished":"2011-03-23T13:56:27+00:00","dateModified":"2011-03-23T17:23:57+00:00","mainEntityOfPage":{"@id":"https:\/\/www.estudiodefrances.com\/?p=731"},"wordCount":43,"commentCount":0,"publisher":{"@id":"https:\/\/www.estudiodefrances.com\/#organization"},"keywords":["conjugaison","Niveau","Niveau A2"],"articleSection":["conjugaison","Niveau A2"],"inLanguage":"fr-FR","potentialAction":[{"@type":"CommentAction","name":"Comment","target":["https:\/\/www.estudiodefrances.com\/?p=731#respond"]}]},{"@type":"WebPage","@id":"https:\/\/www.estudiodefrances.com\/?p=731","url":"https:\/\/www.estudiodefrances.com\/?p=731","name":"Conjugaison : le plus-que-parfait avec parler et aimer - MOddou FLE","isPartOf":{"@id":"https:\/\/www.estudiodefrances.com\/#website"},"datePublished":"2011-03-23T13:56:27+00:00","dateModified":"2011-03-23T17:23:57+00:00","breadcrumb":{"@id":"https:\/\/www.estudiodefrances.com\/?p=731#breadcrumb"},"inLanguage":"fr-FR","potentialAction":[{"@type":"ReadAction","target":["https:\/\/www.estudiodefrances.com\/?p=731"]}]},{"@type":"BreadcrumbList","@id":"https:\/\/www.estudiodefrances.com\/?p=731#breadcrumb","itemListElement":[{"@type":"ListItem","position":1,"name":"Accueil","item":"https:\/\/www.estudiodefrances.com\/"},{"@type":"ListItem","position":2,"name":"Conjugaison : le plus-que-parfait avec parler et aimer"}]},{"@type":"WebSite","@id":"https:\/\/www.estudiodefrances.com\/#website","url":"https:\/\/www.estudiodefrances.com\/","name":"MOddou FLE","description":"Exercices et jeux pour apprendre le fran\u00e7ais","publisher":{"@id":"https:\/\/www.estudiodefrances.com\/#organization"},"potentialAction":[{"@type":"SearchAction","target":{"@type":"EntryPoint","urlTemplate":"https:\/\/www.estudiodefrances.com\/?s={search_term_string}"},"query-input":{"@type":"PropertyValueSpecification","valueRequired":true,"valueName":"search_term_string"}}],"inLanguage":"fr-FR"},{"@type":"Organization","@id":"https:\/\/www.estudiodefrances.com\/#organization","name":"MOddou FLE","url":"https:\/\/www.estudiodefrances.com\/","logo":{"@type":"ImageObject","inLanguage":"fr-FR","@id":"https:\/\/www.estudiodefrances.com\/#\/schema\/logo\/image\/","url":"https:\/\/www.estudiodefrances.com\/wp-content\/uploads\/cropped-Capture-de\u0301cran-2013-09-04-a\u0300-00.08.43-1.png","contentUrl":"https:\/\/www.estudiodefrances.com\/wp-content\/uploads\/cropped-Capture-de\u0301cran-2013-09-04-a\u0300-00.08.43-1.png","width":68,"height":79,"caption":"MOddou FLE"},"image":{"@id":"https:\/\/www.estudiodefrances.com\/#\/schema\/logo\/image\/"},"sameAs":["https:\/\/www.facebook.com\/moddouFLE\/","https:\/\/x.com\/moddou"]},{"@type":"Person","@id":"https:\/\/www.estudiodefrances.com\/#\/schema\/person\/88f4b73addd8170d9837c20fc1127e7c","name":"moddou","image":{"@type":"ImageObject","inLanguage":"fr-FR","@id":"https:\/\/secure.gravatar.com\/avatar\/4a3fcfa351701fcac2c15731162f30826ff6dc6290b4ca18e8e3f3b419e885c4?s=96&d=mm&r=g","url":"https:\/\/secure.gravatar.com\/avatar\/4a3fcfa351701fcac2c15731162f30826ff6dc6290b4ca18e8e3f3b419e885c4?s=96&d=mm&r=g","contentUrl":"https:\/\/secure.gravatar.com\/avatar\/4a3fcfa351701fcac2c15731162f30826ff6dc6290b4ca18e8e3f3b419e885c4?s=96&d=mm&r=g","caption":"moddou"},"sameAs":["http:\/\/www.estudiodefrances.com"],"url":"https:\/\/www.estudiodefrances.com\/?author=1"}]}},"_links":{"self":[{"href":"https:\/\/www.estudiodefrances.com\/index.php?rest_route=\/wp\/v2\/posts\/731","targetHints":{"allow":["GET"]}}],"collection":[{"href":"https:\/\/www.estudiodefrances.com\/index.php?rest_route=\/wp\/v2\/posts"}],"about":[{"href":"https:\/\/www.estudiodefrances.com\/index.php?rest_route=\/wp\/v2\/types\/post"}],"author":[{"embeddable":true,"href":"https:\/\/www.estudiodefrances.com\/index.php?rest_route=\/wp\/v2\/users\/1"}],"replies":[{"embeddable":true,"href":"https:\/\/www.estudiodefrances.com\/index.php?rest_route=%2Fwp%2Fv2%2Fcomments&post=731"}],"version-history":[{"count":3,"href":"https:\/\/www.estudiodefrances.com\/index.php?rest_route=\/wp\/v2\/posts\/731\/revisions"}],"predecessor-version":[{"id":736,"href":"https:\/\/www.estudiodefrances.com\/index.php?rest_route=\/wp\/v2\/posts\/731\/revisions\/736"}],"wp:attachment":[{"href":"https:\/\/www.estudiodefrances.com\/index.php?rest_route=%2Fwp%2Fv2%2Fmedia&parent=731"}],"wp:term":[{"taxonomy":"category","embeddable":true,"href":"https:\/\/www.estudiodefrances.com\/index.php?rest_route=%2Fwp%2Fv2%2Fcategories&post=731"},{"taxonomy":"post_tag","embeddable":true,"href":"https:\/\/www.estudiodefrances.com\/index.php?rest_route=%2Fwp%2Fv2%2Ftags&post=731"}],"curies":[{"name":"wp","href":"https:\/\/api.w.org\/{rel}","templated":true}]}}